{"id":188,"date":"2018-01-08T06:43:43","date_gmt":"2018-01-08T06:43:43","guid":{"rendered":"http:\/\/bremicke.cyon.link\/?p=188"},"modified":"2018-01-08T06:43:43","modified_gmt":"2018-01-08T06:43:43","slug":"boden","status":"publish","type":"post","link":"https:\/\/blog.peterbremicker.com\/index.php\/2018\/01\/08\/boden\/","title":{"rendered":"Boden"},"content":{"rendered":"<p>Das Gef\u00fchl, keinen festen Boden<\/p>\n<p>unter de F\u00fc\u00dfen zu haben,<\/p>\n<p>ist oft ein Zeichen daf\u00fcr,<\/p>\n<p>dass wir uns weiterentwickeln.<\/p>\n","protected":false},"excerpt":{"rendered":"<p>Das Gef\u00fchl, keinen festen Boden unter de F\u00fc\u00dfen zu haben, ist oft ein Zeichen daf\u00fcr, dass wir uns weiterentwickeln.<\/p>\n","protected":false},"author":2,"featured_media":0,"comment_status":"open","ping_status":"open","sticky":false,"template":"","format":"standard","meta":{"footnotes":""},"categories":[1],"tags":[],"class_list":["post-188","post","type-post","status-publish","format-standard","hentry","category-blog_augen_blick"],"_links":{"self":[{"href":"https:\/\/blog.peterbremicker.com\/index.php\/wp-json\/wp\/v2\/posts\/188","targetHints":{"allow":["GET"]}}],"collection":[{"href":"https:\/\/blog.peterbremicker.com\/index.php\/wp-json\/wp\/v2\/posts"}],"about":[{"href":"https:\/\/blog.peterbremicker.com\/index.php\/wp-json\/wp\/v2\/types\/post"}],"author":[{"embeddable":true,"href":"https:\/\/blog.peterbremicker.com\/index.php\/wp-json\/wp\/v2\/users\/2"}],"replies":[{"embeddable":true,"href":"https:\/\/blog.peterbremicker.com\/index.php\/wp-json\/wp\/v2\/comments?post=188"}],"version-history":[{"count":1,"href":"https:\/\/blog.peterbremicker.com\/index.php\/wp-json\/wp\/v2\/posts\/188\/revisions"}],"predecessor-version":[{"id":189,"href":"https:\/\/blog.peterbremicker.com\/index.php\/wp-json\/wp\/v2\/posts\/188\/revisions\/189"}],"wp:attachment":[{"href":"https:\/\/blog.peterbremicker.com\/index.php\/wp-json\/wp\/v2\/media?parent=188"}],"wp:term":[{"taxonomy":"category","embeddable":true,"href":"https:\/\/blog.peterbremicker.com\/index.php\/wp-json\/wp\/v2\/categories?post=188"},{"taxonomy":"post_tag","embeddable":true,"href":"https:\/\/blog.peterbremicker.com\/index.php\/wp-json\/wp\/v2\/tags?post=188"}],"curies":[{"name":"wp","href":"https:\/\/api.w.org\/{rel}","templated":true}]}}